{"id":2986474,"date":"2025-08-08T17:02:54","date_gmt":"2025-08-09T00:02:54","guid":{"rendered":"https:\/\/agpnoticias.com\/news\/?p=2986474"},"modified":"2025-08-08T17:02:57","modified_gmt":"2025-08-09T00:02:57","slug":"edith-marquez-engalanara-el-primer-grito-de-independencia-encabezado-por-una-mujer-en-ensenada","status":"publish","type":"post","link":"https:\/\/agpnoticias.com\/news\/edith-marquez-engalanara-el-primer-grito-de-independencia-encabezado-por-una-mujer-en-ensenada\/","title":{"rendered":"Edith M\u00e1rquez engalanar\u00e1 el primer Grito de Independencia encabezado por una mujer en Ensenada"},"content":{"rendered":"\n<p class=\"wp-block-paragraph\">Ensenada, Baja California.- La cantante Edith M\u00e1rquez ser\u00e1 la invitada estelar en la ceremonia del Grito de Independencia que, por primera vez en la historia del municipio, ser\u00e1 encabezada por una mujer. La presidenta municipal Claudia Agat\u00f3n Mu\u00f1iz conducir\u00e1 las festividades patrias el pr\u00f3ximo 15 de septiembre en la explanada de Playa Hermosa.<\/p>\n\n\n\n<p class=\"wp-block-paragraph\">De acuerdo con la informaci\u00f3n oficial, la verbena popular dar\u00e1 inicio a las 19:00 horas con un programa de actividades de familiares, que incluir\u00e1 antojitos mexicanos, presentaciones art\u00edsticas y bebidas t\u00edpicas de la regi\u00f3n.<\/p>\n\n\n\n<p class=\"wp-block-paragraph\">La ceremonia protocolaria se realizar\u00e1 alrededor de las 23:00 horas, momento en el que la alcaldesa realizar\u00e1 el tradicional toque de campana y la arenga patri\u00f3tica, para ser respondida al un\u00edsono por miles de asistentes.<\/p>\n\n\n\n<p class=\"wp-block-paragraph\">Tras el acto c\u00edvico, Edith M\u00e1rquez subir\u00e1 al escenario para ofrecer un concierto con algunos de sus \u00e9xitos m\u00e1s reconocidos, entre ellos Fue mi Error, Mi Fantas\u00eda, Entiende Que Ya y M\u00edrame.<\/p>\n\n\n\n<p class=\"wp-block-paragraph\">Las autoridades municipales esperan una alta afluencia de p\u00fablico y han reiterado que se trata de un evento gratuito, abierto a toda la comunidad.<\/p>\n","protected":false},"excerpt":{"rendered":"<p>Ensenada, Baja California.- La cantante Edith M\u00e1rquez ser\u00e1 la invitada estelar en la ceremonia del&#8230;<\/p>\n","protected":false},"author":1,"featured_media":2986475,"comment_status":"closed","ping_status":"closed","sticky":false,"template":"","format":"standard","meta":{"footnotes":""},"categories":[1],"tags":[],"class_list":["post-2986474","post","type-post","status-publish","format-standard","has-post-thumbnail","hentry","category-uncategorized"],"_links":{"self":[{"href":"https:\/\/agpnoticias.com\/news\/wp-json\/wp\/v2\/posts\/2986474","targetHints":{"allow":["GET"]}}],"collection":[{"href":"https:\/\/agpnoticias.com\/news\/wp-json\/wp\/v2\/posts"}],"about":[{"href":"https:\/\/agpnoticias.com\/news\/wp-json\/wp\/v2\/types\/post"}],"author":[{"embeddable":true,"href":"https:\/\/agpnoticias.com\/news\/wp-json\/wp\/v2\/users\/1"}],"replies":[{"embeddable":true,"href":"https:\/\/agpnoticias.com\/news\/wp-json\/wp\/v2\/comments?post=2986474"}],"version-history":[{"count":1,"href":"https:\/\/agpnoticias.com\/news\/wp-json\/wp\/v2\/posts\/2986474\/revisions"}],"predecessor-version":[{"id":2986476,"href":"https:\/\/agpnoticias.com\/news\/wp-json\/wp\/v2\/posts\/2986474\/revisions\/2986476"}],"wp:featuredmedia":[{"embeddable":true,"href":"https:\/\/agpnoticias.com\/news\/wp-json\/wp\/v2\/media\/2986475"}],"wp:attachment":[{"href":"https:\/\/agpnoticias.com\/news\/wp-json\/wp\/v2\/media?parent=2986474"}],"wp:term":[{"taxonomy":"category","embeddable":true,"href":"https:\/\/agpnoticias.com\/news\/wp-json\/wp\/v2\/categories?post=2986474"},{"taxonomy":"post_tag","embeddable":true,"href":"https:\/\/agpnoticias.com\/news\/wp-json\/wp\/v2\/tags?post=2986474"}],"curies":[{"name":"wp","href":"https:\/\/api.w.org\/{rel}","templated":true}]}}