{"id":2999142,"date":"2026-08-31T10:55:08","date_gmt":"2026-08-31T17:55:08","guid":{"rendered":"https:\/\/agpnoticias.com\/news\/?p=2999142"},"modified":"2026-08-31T10:55:14","modified_gmt":"2026-08-31T17:55:14","slug":"presentan-iniciativa-en-materia-de-estimulos-fiscales-e-inlcuion-laboral-para-jovenes-de-primer-empleo-formal","status":"publish","type":"post","link":"https:\/\/agpnoticias.com\/news\/presentan-iniciativa-en-materia-de-estimulos-fiscales-e-inlcuion-laboral-para-jovenes-de-primer-empleo-formal\/","title":{"rendered":"Presentan iniciativa en materia de est\u00edmulos fiscales e inlcui\u00f3n laboral para j\u00f3venes de primer empleo formal"},"content":{"rendered":"\n<p class=\"wp-block-paragraph\">Mexicali, Baja California.- El Diputado Adri\u00e1n Humberto Valle Ballesteros present\u00f3 una iniciativa en materia de est\u00edmulos fiscales e inclusi\u00f3n laboral para j\u00f3venes de primer empleo formal o reci\u00e9n egresados de instituciones de educaci\u00f3n superior sin experiencia laboral.<\/p>\n\n\n\n<p class=\"wp-block-paragraph\"><br>Se refiere a una reforma a los art\u00edculos 10 y 13 de la Ley de Fomento a la Competitividad y Desarrollo Econ\u00f3mico para el Estado de Baja California, por considerar el legislador que, la falta de experiencia no debe convertirse en un obst\u00e1culo permanente para acceder al trabajo formal.<\/p>\n\n\n\n<p class=\"wp-block-paragraph\"><br>Por el contrario, debe reconocerse que la contrataci\u00f3n de j\u00f3venes en su primer empleo puede implicar para las unidades econ\u00f3micas costos iniciales de inducci\u00f3n, capacitaci\u00f3n y acompa\u00f1amiento.<\/p>\n\n\n\n<p class=\"wp-block-paragraph\"><br>Y, en consecuencia, el Estado puede y debe utilizar instrumentos de fomento e incentivos fiscales directos, para compensar dichos costos iniciales e incentivar a las empresas a asumir este compromiso productivo.<\/p>\n\n\n\n<p class=\"wp-block-paragraph\"><br>El prop\u00f3sito de esta reforma no es crear una pol\u00edtica asistencialista, sino consolidar una estrategia de desarrollo econ\u00f3mico con alto impacto social como: premiar a las empresas que contribuyan a abrir puertas al talento joven.<\/p>\n\n\n\n<p class=\"wp-block-paragraph\"><br>As\u00ed mismo, reducir la informalidad laboral juvenil, fortalecer la cobertura de la seguridad social desde el inicio de la vida productiva y favorecer el arraigo de capital humano en los municipios de Baja California.<\/p>\n\n\n\n<p class=\"wp-block-paragraph\"><br>De esta manera, la iniciativa vincula competitividad, inclusi\u00f3n tributaria y justicia laboral en beneficio de las juventudes y del desarrollo regional. Esto, mediante la incorporaci\u00f3n de est\u00edmulos e incentivos fiscales dirigidos a promover la contrataci\u00f3n formal de personas j\u00f3venes de entre 18 y 29 a\u00f1os.<\/p>\n\n\n\n<p class=\"wp-block-paragraph\"><br>Particularmente bajo la modalidad de primer empleo formal, o en su condici\u00f3n de reci\u00e9n egresadas de instituciones de educaci\u00f3n superior p\u00fablicas o particulares con reconocimiento de validez oficial de estudios, sin experiencia laboral previa en su ramo.<\/p>\n\n\n\n<p class=\"wp-block-paragraph\"><br>La transici\u00f3n de la escuela al trabajo constituye uno de los momentos m\u00e1s cr\u00edticos en la vida productiva de las juventudes. Sin embargo, en la pr\u00e1ctica, miles de j\u00f3venes enfrentan una barrera estructural, ya que para acceder a un empleo formal se les exige experiencia previa, pero el propio mercado laboral limita las oportunidades para obtenerla.<\/p>\n\n\n\n<p class=\"wp-block-paragraph\"><br>De acuerdo con datos de la Encuesta Nacional de Ocupaci\u00f3n y Emple? (ENOE) del INEGI, en Baja California las personas j\u00f3venes de entre 15 y 29 a\u00f1os, representan m\u00e1s del 35 por ciento del total de la poblaci\u00f3n desocupada (en b\u00fasqueda activa de empleo) en la Entidad, a pesar de constituir solo cerca del 25 por ciento de Poblaci\u00f3n Econ\u00f3micamente Activa (PEA).<\/p>\n\n\n\n<p class=\"wp-block-paragraph\"><br>Esta desproporci\u00f3n confirma que el desempleo en el Estado de Baja California, afecta con el doble de severidad a las juventudes que el resto de los grupos de edad.<\/p>\n","protected":false},"excerpt":{"rendered":"<p>Mexicali, Baja California.- El Diputado Adri\u00e1n Humberto Valle Ballesteros present\u00f3 una iniciativa en materia de&#8230;<\/p>\n","protected":false},"author":1,"featured_media":2999143,"comment_status":"closed","ping_status":"closed","sticky":false,"template":"","format":"standard","meta":{"footnotes":""},"categories":[1,73],"tags":[],"class_list":["post-2999142","post","type-post","status-publish","format-standard","has-post-thumbnail","hentry","category-uncategorized","category-deportebajacalifornia"],"_links":{"self":[{"href":"https:\/\/agpnoticias.com\/news\/wp-json\/wp\/v2\/posts\/2999142","targetHints":{"allow":["GET"]}}],"collection":[{"href":"https:\/\/agpnoticias.com\/news\/wp-json\/wp\/v2\/posts"}],"about":[{"href":"https:\/\/agpnoticias.com\/news\/wp-json\/wp\/v2\/types\/post"}],"author":[{"embeddable":true,"href":"https:\/\/agpnoticias.com\/news\/wp-json\/wp\/v2\/users\/1"}],"replies":[{"embeddable":true,"href":"https:\/\/agpnoticias.com\/news\/wp-json\/wp\/v2\/comments?post=2999142"}],"version-history":[{"count":1,"href":"https:\/\/agpnoticias.com\/news\/wp-json\/wp\/v2\/posts\/2999142\/revisions"}],"predecessor-version":[{"id":2999144,"href":"https:\/\/agpnoticias.com\/news\/wp-json\/wp\/v2\/posts\/2999142\/revisions\/2999144"}],"wp:featuredmedia":[{"embeddable":true,"href":"https:\/\/agpnoticias.com\/news\/wp-json\/wp\/v2\/media\/2999143"}],"wp:attachment":[{"href":"https:\/\/agpnoticias.com\/news\/wp-json\/wp\/v2\/media?parent=2999142"}],"wp:term":[{"taxonomy":"category","embeddable":true,"href":"https:\/\/agpnoticias.com\/news\/wp-json\/wp\/v2\/categories?post=2999142"},{"taxonomy":"post_tag","embeddable":true,"href":"https:\/\/agpnoticias.com\/news\/wp-json\/wp\/v2\/tags?post=2999142"}],"curies":[{"name":"wp","href":"https:\/\/api.w.org\/{rel}","templated":true}]}}