{"id":2999173,"date":"2026-08-31T20:03:38","date_gmt":"2026-09-01T03:03:38","guid":{"rendered":"https:\/\/agpnoticias.com\/news\/?p=2999173"},"modified":"2026-08-31T20:03:42","modified_gmt":"2026-09-01T03:03:42","slug":"eder-frayre-queda-octavo-en-el-philadelphia-classic","status":"publish","type":"post","link":"https:\/\/agpnoticias.com\/news\/eder-frayre-queda-octavo-en-el-philadelphia-classic\/","title":{"rendered":"Eder Frayre queda octavo en el Philadelphia Classic"},"content":{"rendered":"\n<p class=\"wp-block-paragraph\">El bajacaliforniano Eder Frayre consigui\u00f3 un destacado octavo lugar en la Philadelphia Classic, al completar una exigente prueba de 200 kil\u00f3metros en 4:21:17 horas, resultado que lo coloc\u00f3 dentro del top 10 frente a algunos de los mejores corredores del mundo.<\/p>\n\n\n\n<p class=\"wp-block-paragraph\">Frayre termin\u00f3 a 22 segundos del ganador, el alem\u00e1n Tim Torn Teutenberg, quien registr\u00f3 4:20:55, en una competencia que tambi\u00e9n tuvo entre los primeros lugares a Robert Donaldson y Jonas Rutsch. El bajacaliforniano se mantuvo en el grupo de los protagonistas en una jornada marcada por numerosos repechos y muros con pendientes de hasta 17 y 19 por ciento.<\/p>\n\n\n\n<p class=\"wp-block-paragraph\">\u201cMuy contento con el gran resultado que conseguimos hoy en la Philadelphia Classic, la carrera de un d\u00eda m\u00e1s importante de Estados Unidos. Estuvieron presentes algunos de los mejores equipos del mundo y logramos finalizar dentro del top 10\u201d, expres\u00f3 Frayre al t\u00e9rmino de la competencia.<\/p>\n\n\n\n<p class=\"wp-block-paragraph\">El resultado representa adem\u00e1s un importante par\u00e1metro de preparaci\u00f3n para el Campeonato Mundial de Ciclismo de Ruta 2026, que se llevar\u00e1 a cabo del 20 al 27 de septiembre en Montreal, Canad\u00e1, donde Frayre integrar\u00e1 la Selecci\u00f3n Mexicana.<\/p>\n\n\n\n<p class=\"wp-block-paragraph\">En la justa mundialista, el ciclista bajacaliforniano tendr\u00e1 un papel clave como lugarteniente de Isaac del Toro, respaldando al tambi\u00e9n bajacaliforniano en una de las principales citas del calendario internacional.<\/p>\n\n\n\n<p class=\"wp-block-paragraph\">\u201cMuy satisfecho y contento de poder seguir compitiendo al mejor nivel, de haber podido estar al mismo nivel frente a algunos de los mejores corredores del mundo y, sobre todo, de poder seguir vigente y competitivo a pesar de los a\u00f1os\u201d, se\u00f1al\u00f3.<\/p>\n\n\n\n<p class=\"wp-block-paragraph\">Con este resultado, Frayre llegar\u00e1 al Mundial con ritmo competitivo y confianza, despu\u00e9s de medirse de t\u00fa a t\u00fa con corredores de algunas de las principales escuadras del ciclismo internacional.<\/p>\n\n\n\n<p class=\"wp-block-paragraph\">Informaci\u00f3n: INDEBC.<\/p>\n","protected":false},"excerpt":{"rendered":"<p>El bajacaliforniano Eder Frayre consigui\u00f3 un destacado octavo lugar en la Philadelphia Classic, al completar&#8230;<\/p>\n","protected":false},"author":1,"featured_media":2999174,"comment_status":"closed","ping_status":"closed","sticky":false,"template":"","format":"standard","meta":{"footnotes":""},"categories":[692,1146,1151],"tags":[],"class_list":["post-2999173","post","type-post","status-publish","format-standard","has-post-thumbnail","hentry","category-ciclismo","category-ensenada","category-portada"],"_links":{"self":[{"href":"https:\/\/agpnoticias.com\/news\/wp-json\/wp\/v2\/posts\/2999173","targetHints":{"allow":["GET"]}}],"collection":[{"href":"https:\/\/agpnoticias.com\/news\/wp-json\/wp\/v2\/posts"}],"about":[{"href":"https:\/\/agpnoticias.com\/news\/wp-json\/wp\/v2\/types\/post"}],"author":[{"embeddable":true,"href":"https:\/\/agpnoticias.com\/news\/wp-json\/wp\/v2\/users\/1"}],"replies":[{"embeddable":true,"href":"https:\/\/agpnoticias.com\/news\/wp-json\/wp\/v2\/comments?post=2999173"}],"version-history":[{"count":1,"href":"https:\/\/agpnoticias.com\/news\/wp-json\/wp\/v2\/posts\/2999173\/revisions"}],"predecessor-version":[{"id":2999175,"href":"https:\/\/agpnoticias.com\/news\/wp-json\/wp\/v2\/posts\/2999173\/revisions\/2999175"}],"wp:featuredmedia":[{"embeddable":true,"href":"https:\/\/agpnoticias.com\/news\/wp-json\/wp\/v2\/media\/2999174"}],"wp:attachment":[{"href":"https:\/\/agpnoticias.com\/news\/wp-json\/wp\/v2\/media?parent=2999173"}],"wp:term":[{"taxonomy":"category","embeddable":true,"href":"https:\/\/agpnoticias.com\/news\/wp-json\/wp\/v2\/categories?post=2999173"},{"taxonomy":"post_tag","embeddable":true,"href":"https:\/\/agpnoticias.com\/news\/wp-json\/wp\/v2\/tags?post=2999173"}],"curies":[{"name":"wp","href":"https:\/\/api.w.org\/{rel}","templated":true}]}}