{"id":2999176,"date":"2026-08-31T19:13:00","date_gmt":"2026-09-01T02:13:00","guid":{"rendered":"https:\/\/agpnoticias.com\/news\/?p=2999176"},"modified":"2026-08-31T20:20:18","modified_gmt":"2026-09-01T03:20:18","slug":"isaac-del-toro-prepara-su-cierre-de-ano-en-los-estados-unidos","status":"publish","type":"post","link":"https:\/\/agpnoticias.com\/news\/isaac-del-toro-prepara-su-cierre-de-ano-en-los-estados-unidos\/","title":{"rendered":"Isaac del Toro prepara su cierre de a\u00f1o en los Estados Unidos"},"content":{"rendered":"\n<p class=\"wp-block-paragraph\">Isaac del Toro eligi\u00f3 las carreteras de Colorado, en zonas como Nederland y Lefthand Canyon, para preparar el bloque final de la temporada 2026.<\/p>\n\n\n\n<p class=\"wp-block-paragraph\">El integrante del equipo UAE Team Emirates, que fue fotografiado por aficionados esa regi\u00f3n de los Estados Unidos, tiene en puerta las siguientes competencias: <\/p>\n\n\n\n<p class=\"wp-block-paragraph\">Grand Prix Cycliste de Qu\u00e9bec (Canad\u00e1), 11 de septiembre.<\/p>\n\n\n\n<p class=\"wp-block-paragraph\">Grand Prix Cycliste de Montr\u00e9al (Canad\u00e1): 13 de septiembre.<\/p>\n\n\n\n<p class=\"wp-block-paragraph\">Campeonato Mundial de Ruta 2026: Se celebrar\u00e1 en Montreal, Canad\u00e1, del 20 al 27 de septiembre, donde liderar\u00e1 a la Selecci\u00f3n de M\u00e9xico.<\/p>\n\n\n\n<p class=\"wp-block-paragraph\">El ciclista nacido en Ensenada, Baja California, refrend\u00f3 lo hecho en 2025 al alcanzar el campeonato de la Vuelta a Alemania, adem\u00e1s de consolidar un extraordinario 2026 con el tercer lugar general en el Tour de Francia 2026, donde tambi\u00e9n se coron\u00f3 campe\u00f3n de los j\u00f3venes con el maillot blanco. <\/p>\n","protected":false},"excerpt":{"rendered":"<p>Isaac del Toro eligi\u00f3 las carreteras de Colorado, en zonas como Nederland y Lefthand Canyon,&#8230;<\/p>\n","protected":false},"author":1,"featured_media":2999177,"comment_status":"closed","ping_status":"closed","sticky":false,"template":"","format":"standard","meta":{"footnotes":""},"categories":[692,1146,1151],"tags":[],"class_list":["post-2999176","post","type-post","status-publish","format-standard","has-post-thumbnail","hentry","category-ciclismo","category-ensenada","category-portada"],"_links":{"self":[{"href":"https:\/\/agpnoticias.com\/news\/wp-json\/wp\/v2\/posts\/2999176","targetHints":{"allow":["GET"]}}],"collection":[{"href":"https:\/\/agpnoticias.com\/news\/wp-json\/wp\/v2\/posts"}],"about":[{"href":"https:\/\/agpnoticias.com\/news\/wp-json\/wp\/v2\/types\/post"}],"author":[{"embeddable":true,"href":"https:\/\/agpnoticias.com\/news\/wp-json\/wp\/v2\/users\/1"}],"replies":[{"embeddable":true,"href":"https:\/\/agpnoticias.com\/news\/wp-json\/wp\/v2\/comments?post=2999176"}],"version-history":[{"count":1,"href":"https:\/\/agpnoticias.com\/news\/wp-json\/wp\/v2\/posts\/2999176\/revisions"}],"predecessor-version":[{"id":2999178,"href":"https:\/\/agpnoticias.com\/news\/wp-json\/wp\/v2\/posts\/2999176\/revisions\/2999178"}],"wp:featuredmedia":[{"embeddable":true,"href":"https:\/\/agpnoticias.com\/news\/wp-json\/wp\/v2\/media\/2999177"}],"wp:attachment":[{"href":"https:\/\/agpnoticias.com\/news\/wp-json\/wp\/v2\/media?parent=2999176"}],"wp:term":[{"taxonomy":"category","embeddable":true,"href":"https:\/\/agpnoticias.com\/news\/wp-json\/wp\/v2\/categories?post=2999176"},{"taxonomy":"post_tag","embeddable":true,"href":"https:\/\/agpnoticias.com\/news\/wp-json\/wp\/v2\/tags?post=2999176"}],"curies":[{"name":"wp","href":"https:\/\/api.w.org\/{rel}","templated":true}]}}