{"id":2999182,"date":"2026-09-01T09:02:37","date_gmt":"2026-09-01T16:02:37","guid":{"rendered":"https:\/\/agpnoticias.com\/news\/?p=2999182"},"modified":"2026-09-02T08:48:21","modified_gmt":"2026-09-02T15:48:21","slug":"truncado-lo-de-julian-gabriel-jesus-jugara-en-barcelona","status":"publish","type":"post","link":"https:\/\/agpnoticias.com\/news\/truncado-lo-de-julian-gabriel-jesus-jugara-en-barcelona\/","title":{"rendered":"Truncado lo de Juli\u00e1n, Gabriel Jesus jugar\u00e1 en Barcelona"},"content":{"rendered":"\n<p class=\"wp-block-paragraph\">Barcelona, Espa\u00f1a.- Gabriel Jesus complet\u00f3 el martes su traspaso del Arsenal al Barcelona en el \u00faltimo d\u00eda del mercado de fichajes, firmando un contrato de tres a\u00f1os.<\/p>\n\n\n\n<p class=\"wp-block-paragraph\">El delantero brasile\u00f1o de 29 a\u00f1os form\u00f3 parte de la plantilla del Arsenal que gan\u00f3 la Premier League la temporada pasada, tras haber conquistado cuatro t\u00edtulos de liga con el Manchester City.<\/p>\n\n\n\n<p class=\"wp-block-paragraph\">Se une al FC Barcelona, ??campe\u00f3n de Espa\u00f1a, tras la marcha de Robert Lewandowski al final de la temporada pasada.<\/p>\n\n\n\n<p class=\"wp-block-paragraph\">Jes\u00fas se uni\u00f3 al Arsenal en 2022 tras seis temporadas repletas de t\u00edtulos en el City. A pesar de sufrir varias lesiones durante su etapa en el Emirates Stadium, form\u00f3 parte del equipo que puso fin a la sequ\u00eda de 22 a\u00f1os del club londinense para coronarse campe\u00f3n de Inglaterra.<\/p>\n\n\n\n<p class=\"wp-block-paragraph\">Jes\u00fas es la \u00faltima incorporaci\u00f3n en un mercado de fichajes muy ajetreado para el Barcelona, tras las operaciones de Anthony Gordon, Rodri , Joao Cancelo, Karim Adeyemi y Dominik Livakovic. Finalmente, el objetivo del club, Juli\u00e1n \u00c1lvarez, no fue negociado por el Atl\u00e9tico de Madrid.<\/p>\n\n\n\n<p class=\"wp-block-paragraph\">Informaci\u00f3n: AP.<\/p>\n","protected":false},"excerpt":{"rendered":"<p>Barcelona, Espa\u00f1a.- Gabriel Jesus complet\u00f3 el martes su traspaso del Arsenal al Barcelona en el&#8230;<\/p>\n","protected":false},"author":1,"featured_media":2999183,"comment_status":"closed","ping_status":"closed","sticky":false,"template":"","format":"standard","meta":{"footnotes":""},"categories":[32,1144,1151],"tags":[907],"class_list":["post-2999182","post","type-post","status-publish","format-standard","has-post-thumbnail","hentry","category-soccer","category-futbol-internacional","category-portada","tag-tendencia"],"_links":{"self":[{"href":"https:\/\/agpnoticias.com\/news\/wp-json\/wp\/v2\/posts\/2999182","targetHints":{"allow":["GET"]}}],"collection":[{"href":"https:\/\/agpnoticias.com\/news\/wp-json\/wp\/v2\/posts"}],"about":[{"href":"https:\/\/agpnoticias.com\/news\/wp-json\/wp\/v2\/types\/post"}],"author":[{"embeddable":true,"href":"https:\/\/agpnoticias.com\/news\/wp-json\/wp\/v2\/users\/1"}],"replies":[{"embeddable":true,"href":"https:\/\/agpnoticias.com\/news\/wp-json\/wp\/v2\/comments?post=2999182"}],"version-history":[{"count":2,"href":"https:\/\/agpnoticias.com\/news\/wp-json\/wp\/v2\/posts\/2999182\/revisions"}],"predecessor-version":[{"id":2999185,"href":"https:\/\/agpnoticias.com\/news\/wp-json\/wp\/v2\/posts\/2999182\/revisions\/2999185"}],"wp:featuredmedia":[{"embeddable":true,"href":"https:\/\/agpnoticias.com\/news\/wp-json\/wp\/v2\/media\/2999183"}],"wp:attachment":[{"href":"https:\/\/agpnoticias.com\/news\/wp-json\/wp\/v2\/media?parent=2999182"}],"wp:term":[{"taxonomy":"category","embeddable":true,"href":"https:\/\/agpnoticias.com\/news\/wp-json\/wp\/v2\/categories?post=2999182"},{"taxonomy":"post_tag","embeddable":true,"href":"https:\/\/agpnoticias.com\/news\/wp-json\/wp\/v2\/tags?post=2999182"}],"curies":[{"name":"wp","href":"https:\/\/api.w.org\/{rel}","templated":true}]}}