{"id":2999207,"date":"2026-09-01T20:56:00","date_gmt":"2026-09-02T03:56:00","guid":{"rendered":"https:\/\/agpnoticias.com\/news\/?p=2999207"},"modified":"2026-09-02T09:08:29","modified_gmt":"2026-09-02T16:08:29","slug":"ensenadenses-mundialistas-isaac-del-toro-sera-acompanado-por-eder-frayre-en-canada","status":"publish","type":"post","link":"https:\/\/agpnoticias.com\/news\/ensenadenses-mundialistas-isaac-del-toro-sera-acompanado-por-eder-frayre-en-canada\/","title":{"rendered":"Ensenadenses mundialistas: Isaac del Toro ser\u00e1 acompa\u00f1ado por Eder Frayre en Canad\u00e1"},"content":{"rendered":"\n<p class=\"wp-block-paragraph\">Isaac del Toro liderar\u00e1 a la Selecci\u00f3n Mexicana de ciclismo en el Mundial de Ciclismo de Ruta Montreal 2026, acompa\u00f1ado por el experimentado ciclista Eder Frayre como uno de sus principales escuderos. <\/p>\n\n\n\n<p class=\"wp-block-paragraph\">La Uni\u00f3n Ciclista de M\u00e9xico, presidida por Bernardo de la Garza, confirm\u00f3 la prelista oficial de ciclistas que representar\u00e1n al pa\u00eds en Canad\u00e1 del 20 al 27 de septiembre de 2026.<\/p>\n\n\n\n<p class=\"wp-block-paragraph\">Gracias a la sobresaliente temporada de Isaac del Toro \u2014quien aport\u00f3 la gran mayor\u00eda de los puntos para el ranking de naciones de la UCI\u2014 M\u00e9xico asegur\u00f3 seis plazas para la exigente prueba de fondo de 273.7 kil\u00f3metros. El equipo est\u00e1 conformado por:<\/p>\n\n\n\n<p class=\"wp-block-paragraph\">Isaac del Toro (L\u00edder \/ UAE Team Emirates)<\/p>\n\n\n\n<p class=\"wp-block-paragraph\">Eder Frayre (L39GION de Los Angeles)<\/p>\n\n\n\n<p class=\"wp-block-paragraph\">Edgar \u00abChucky\u00bb Cadena (Storck &#8211; MRW Bau)<\/p>\n\n\n\n<p class=\"wp-block-paragraph\">Ulises Castillo (Proyecto Olinka)<\/p>\n\n\n\n<p class=\"wp-block-paragraph\">Carlos Garc\u00eda<\/p>\n\n\n\n<p class=\"wp-block-paragraph\">Jos\u00e9 Antonio Esc\u00e1rcega<\/p>\n\n\n\n<p class=\"wp-block-paragraph\">Tom\u00e1s Aguirre<\/p>\n\n\n\n<p class=\"wp-block-paragraph\">Isaac del Toro llega en un momento hist\u00f3rico tras haber conseguido el 3.\u00ba lugar general en el Tour de Francia 2026 y coronarse recientemente campe\u00f3n del Tour de Alemania. Actualmente ocupa el 4.\u00ba puesto del ranking mundial de la UCI.<\/p>\n\n\n\n<p class=\"wp-block-paragraph\">La carrera de fondo de la categor\u00eda \u00c9lite Varonil se disputar\u00e1 el domingo 27 de septiembre en un circuito masivo en Montreal.<\/p>\n\n\n\n<p class=\"wp-block-paragraph\">Informaci\u00f3n: Agencias.<\/p>\n","protected":false},"excerpt":{"rendered":"<p>Isaac del Toro liderar\u00e1 a la Selecci\u00f3n Mexicana de ciclismo en el Mundial de Ciclismo&#8230;<\/p>\n","protected":false},"author":1,"featured_media":2999208,"comment_status":"closed","ping_status":"closed","sticky":false,"template":"","format":"standard","meta":{"footnotes":""},"categories":[692,1146,1151,1152],"tags":[],"class_list":["post-2999207","post","type-post","status-publish","format-standard","has-post-thumbnail","hentry","category-ciclismo","category-ensenada","category-portada","category-editor-seleccion"],"_links":{"self":[{"href":"https:\/\/agpnoticias.com\/news\/wp-json\/wp\/v2\/posts\/2999207","targetHints":{"allow":["GET"]}}],"collection":[{"href":"https:\/\/agpnoticias.com\/news\/wp-json\/wp\/v2\/posts"}],"about":[{"href":"https:\/\/agpnoticias.com\/news\/wp-json\/wp\/v2\/types\/post"}],"author":[{"embeddable":true,"href":"https:\/\/agpnoticias.com\/news\/wp-json\/wp\/v2\/users\/1"}],"replies":[{"embeddable":true,"href":"https:\/\/agpnoticias.com\/news\/wp-json\/wp\/v2\/comments?post=2999207"}],"version-history":[{"count":1,"href":"https:\/\/agpnoticias.com\/news\/wp-json\/wp\/v2\/posts\/2999207\/revisions"}],"predecessor-version":[{"id":2999209,"href":"https:\/\/agpnoticias.com\/news\/wp-json\/wp\/v2\/posts\/2999207\/revisions\/2999209"}],"wp:featuredmedia":[{"embeddable":true,"href":"https:\/\/agpnoticias.com\/news\/wp-json\/wp\/v2\/media\/2999208"}],"wp:attachment":[{"href":"https:\/\/agpnoticias.com\/news\/wp-json\/wp\/v2\/media?parent=2999207"}],"wp:term":[{"taxonomy":"category","embeddable":true,"href":"https:\/\/agpnoticias.com\/news\/wp-json\/wp\/v2\/categories?post=2999207"},{"taxonomy":"post_tag","embeddable":true,"href":"https:\/\/agpnoticias.com\/news\/wp-json\/wp\/v2\/tags?post=2999207"}],"curies":[{"name":"wp","href":"https:\/\/api.w.org\/{rel}","templated":true}]}}