{"id":2999217,"date":"2026-09-02T12:19:19","date_gmt":"2026-09-02T19:19:19","guid":{"rendered":"https:\/\/agpnoticias.com\/news\/?p=2999217"},"modified":"2026-09-02T12:19:30","modified_gmt":"2026-09-02T19:19:30","slug":"cabildo-cambia-las-reglas-del-salon-de-la-fama-del-deporte-de-ensenada","status":"publish","type":"post","link":"https:\/\/agpnoticias.com\/news\/cabildo-cambia-las-reglas-del-salon-de-la-fama-del-deporte-de-ensenada\/","title":{"rendered":"Cabildo cambia las reglas del Sal\u00f3n de la Fama del Deporte de Ensenada"},"content":{"rendered":"\n<p class=\"wp-block-paragraph\">Ensenada, Baja California.- La selecci\u00f3n de las personas que ingresar\u00e1n al Sal\u00f3n de la Fama del Deporte de Ensenada quedar\u00e1 en manos de un jurado ciudadano y no de funcionarios p\u00fablicos, de acuerdo con el nuevo reglamento aprobado por el Cabildo.<\/p>\n\n\n\n<p class=\"wp-block-paragraph\">Durante una sesi\u00f3n extraordinaria se acord\u00f3 derogar el Reglamento del Sal\u00f3n de la Cultura del Deporte y crear el Reglamento del Sal\u00f3n de la Fama del Deporte de Ensenada \u201cProfesor Alfredo Mar\u00edn M\u00e9ndez\u201d.<\/p>\n\n\n\n<p class=\"wp-block-paragraph\">La propuesta fue presentada por la regidora Brenda Mendoza Kawanishi, presidenta de la Comisi\u00f3n del Deporte, quien se\u00f1al\u00f3 que el cambio busca definir con mayor claridad los criterios de selecci\u00f3n y la participaci\u00f3n de la comunidad deportiva.<\/p>\n\n\n\n<p class=\"wp-block-paragraph\">El Jurado Seleccionador estar\u00e1 integrado por siete personas con conocimientos, experiencia o trayectoria en el deporte, quienes tendr\u00e1n voz y voto para evaluar los m\u00e9ritos de los candidatos.<\/p>\n\n\n\n<p class=\"wp-block-paragraph\">El cronista municipal y la persona titular del Instituto Municipal del Deporte y Recreaci\u00f3n de Ensenada (Inmudere) podr\u00e1n participar en el proceso, pero \u00fanicamente tendr\u00e1n voz y no podr\u00e1n votar.<\/p>\n\n\n\n<p class=\"wp-block-paragraph\">El reglamento contempla reconocer a atletas, entrenadores, directivos, promotores, periodistas deportivos y otras personas que hayan realizado aportaciones al deporte del municipio.<\/p>\n\n\n\n<p class=\"wp-block-paragraph\">Tambi\u00e9n se plantea que el recinto funcione como un espacio para conservar y difundir la historia deportiva de Ensenada, adem\u00e1s de albergar las ceremonias de entronizaci\u00f3n.<\/p>\n\n\n\n<p class=\"wp-block-paragraph\">El siguiente paso ser\u00e1 publicar la convocatoria para integrar el Jurado Seleccionador. Despu\u00e9s comenzar\u00e1 el proceso para elegir a la primera generaci\u00f3n de integrantes del Sal\u00f3n de la Fama bajo el nuevo reglamento.<\/p>\n","protected":false},"excerpt":{"rendered":"<p>Ensenada, Baja California.- La selecci\u00f3n de las personas que ingresar\u00e1n al Sal\u00f3n de la Fama&#8230;<\/p>\n","protected":false},"author":1,"featured_media":2999218,"comment_status":"closed","ping_status":"closed","sticky":false,"template":"","format":"standard","meta":{"footnotes":""},"categories":[1,1146],"tags":[],"class_list":["post-2999217","post","type-post","status-publish","format-standard","has-post-thumbnail","hentry","category-uncategorized","category-ensenada"],"_links":{"self":[{"href":"https:\/\/agpnoticias.com\/news\/wp-json\/wp\/v2\/posts\/2999217","targetHints":{"allow":["GET"]}}],"collection":[{"href":"https:\/\/agpnoticias.com\/news\/wp-json\/wp\/v2\/posts"}],"about":[{"href":"https:\/\/agpnoticias.com\/news\/wp-json\/wp\/v2\/types\/post"}],"author":[{"embeddable":true,"href":"https:\/\/agpnoticias.com\/news\/wp-json\/wp\/v2\/users\/1"}],"replies":[{"embeddable":true,"href":"https:\/\/agpnoticias.com\/news\/wp-json\/wp\/v2\/comments?post=2999217"}],"version-history":[{"count":1,"href":"https:\/\/agpnoticias.com\/news\/wp-json\/wp\/v2\/posts\/2999217\/revisions"}],"predecessor-version":[{"id":2999219,"href":"https:\/\/agpnoticias.com\/news\/wp-json\/wp\/v2\/posts\/2999217\/revisions\/2999219"}],"wp:featuredmedia":[{"embeddable":true,"href":"https:\/\/agpnoticias.com\/news\/wp-json\/wp\/v2\/media\/2999218"}],"wp:attachment":[{"href":"https:\/\/agpnoticias.com\/news\/wp-json\/wp\/v2\/media?parent=2999217"}],"wp:term":[{"taxonomy":"category","embeddable":true,"href":"https:\/\/agpnoticias.com\/news\/wp-json\/wp\/v2\/categories?post=2999217"},{"taxonomy":"post_tag","embeddable":true,"href":"https:\/\/agpnoticias.com\/news\/wp-json\/wp\/v2\/tags?post=2999217"}],"curies":[{"name":"wp","href":"https:\/\/api.w.org\/{rel}","templated":true}]}}