{"id":2999231,"date":"2026-09-02T19:37:30","date_gmt":"2026-09-03T02:37:30","guid":{"rendered":"https:\/\/agpnoticias.com\/news\/?p=2999231"},"modified":"2026-09-02T19:37:33","modified_gmt":"2026-09-03T02:37:33","slug":"mahomes-estara-listo-para-la-semana-1-contra-los-broncos-en-monday-night-football","status":"publish","type":"post","link":"https:\/\/agpnoticias.com\/news\/mahomes-estara-listo-para-la-semana-1-contra-los-broncos-en-monday-night-football\/","title":{"rendered":"Mahomes estar\u00e1 listo para la Semana 1 contra los Broncos en Monday Night Football"},"content":{"rendered":"\n<p class=\"wp-block-paragraph\">Kansas City, Missouri.- Patrick Mahomes parece estar en camino de ser titular con los Kansas City Chiefs en la Semana 1 contra los Denver Broncos.<\/p>\n\n\n\n<p class=\"wp-block-paragraph\">El dos veces Jugador M\u00e1s Valioso ha declarado desde que se someti\u00f3 a una cirug\u00eda en diciembre para reparar los ligamentos desgarrados de su rodilla izquierda que su objetivo era estar en el campo cuando comience la temporada.<\/p>\n\n\n\n<p class=\"wp-block-paragraph\">Y aunque los m\u00e9dicos advirtieron inicialmente a Mahomes que podr\u00eda no estar listo para jugar hasta octubre, el mariscal de campo super\u00f3 todas las expectativas en su rehabilitaci\u00f3n, trabajando con el primer equipo durante todo el campamento de entrenamiento.<\/p>\n\n\n\n<p class=\"wp-block-paragraph\">Mahomes no jug\u00f3 en ning\u00fan partido de pretemporada. Pero eso siempre fue intencional.<\/p>\n\n\n\n<p class=\"wp-block-paragraph\">\u201cVa a seguir practicando como lo ha estado haciendo\u201d, dijo el entrenador de los Chiefs, Andy Reid, el mi\u00e9rcoles, despu\u00e9s de su primer entrenamiento tras los recortes de plantilla. \u201cEstos son m\u00e1s bien entrenamientos, con muchos partidos individuales estos pr\u00f3ximos d\u00edas. Eso es bueno\u201d.<\/p>\n\n\n\n<p class=\"wp-block-paragraph\">Los Chiefs volver\u00e1n a entrenar el jueves antes del fin de semana largo y retomar\u00e1n los entrenamientos el lunes. Despu\u00e9s, comenzar\u00e1n con su calendario de partidos, que culminar\u00e1 el lunes por la noche con un enfrentamiento entre dos de los favoritos para ganar la Divisi\u00f3n Oeste de la AFC esta temporada.<\/p>\n\n\n\n<p class=\"wp-block-paragraph\">Una pregunta que planea sobre el regreso de Mahomes es: \u00bfAfectar\u00e1 su rendimiento el no haber jugado un partido de pretemporada? La \u00fanica otra vez que pas\u00f3 una pretemporada completa sin jugar un solo partido fue durante la pandemia, cuando se cancelaron todos los partidos de exhibici\u00f3n.<\/p>\n\n\n\n<p class=\"wp-block-paragraph\">\u201cPat y yo hemos estado trabajando durante esta pretemporada en la sincronizaci\u00f3n y otros aspectos que hay que perfeccionar\u201d, dijo el receptor de los Chiefs, Xavier Worthy, al ser preguntado sobre su relaci\u00f3n con su quarterback. \u201cCreo que cuando llegue el momento de jugar, todos estaremos listos\u201d.<\/p>\n\n\n\n<p class=\"wp-block-paragraph\">Worthy siempre pens\u00f3 que Mahomes estar\u00eda listo para el inicio de la temporada. De hecho, regres\u00f3 a Kansas City a principios de este verano para entrenar con Mahomes, quien pasaba los d\u00edas rehabilitando su rodilla mientras ve\u00eda los partidos del Mundial por televisi\u00f3n.<\/p>\n\n\n\n<p class=\"wp-block-paragraph\">\u201cSu voluntad y sus ganas de trabajar superan todo lo que he visto\u201d, dijo Worthy. \u201c\u00c9l lidera al equipo de esa manera. Si tu l\u00edder lidera as\u00ed, los dem\u00e1s se quedan atr\u00e1s. Es un hombre con una voluntad inquebrantable, siempre dispuesto a trabajar\u201d.<\/p>\n\n\n\n<p class=\"wp-block-paragraph\">Otra inc\u00f3gnita es qui\u00e9n proteger\u00e1 a Mahomes en caso de que juegue en la Semana 1.<\/p>\n\n\n\n<p class=\"wp-block-paragraph\">El tackle izquierdo Josh Simmons no particip\u00f3 en el entrenamiento del mi\u00e9rcoles debido a una persistente lesi\u00f3n en la espalda, lo que oblig\u00f3 a Kansas City a reorganizar la l\u00ednea ofensiva. El novato no seleccionado en el draft, Kahlil Benson, ha estado jugando en su ausencia, mientras que Jaylon Moore tambi\u00e9n ha tenido la oportunidad de entrenar con el primer equipo.<\/p>\n\n\n\n<p class=\"wp-block-paragraph\">Quiz\u00e1s preocupados por los problemas de lesiones en la l\u00ednea ofensiva \u2014el guardia Trey Smith ha estado lidiando con una lesi\u00f3n en la cadera\u2014, los Chiefs hicieron un par de movimientos para reforzar su plantilla en los \u00faltimos d\u00edas. Enviaron una selecci\u00f3n condicional de sexta ronda a Baltimore a cambio del novato no drafteado Diego Pounds, y adquirieron a Joshua Ezeudu de los Giants a cambio de una selecci\u00f3n de s\u00e9ptima ronda.<\/p>\n\n\n\n<p class=\"wp-block-paragraph\">\u201cSe trata simplemente de que se adapten a todo, desde el conteo de jugadas hasta las indicaciones y la protecci\u00f3n de pase\u201d, dijo Reid. \u201cFue genial tenerlos ah\u00ed. Hubo un par de contratiempos, pero en general hicieron un gran trabajo\u201d.<\/p>\n\n\n\n<p class=\"wp-block-paragraph\">Informaci\u00f3n: AP.<\/p>\n","protected":false},"excerpt":{"rendered":"<p>Kansas City, Missouri.- Patrick Mahomes parece estar en camino de ser titular con los Kansas&#8230;<\/p>\n","protected":false},"author":1,"featured_media":2999232,"comment_status":"closed","ping_status":"closed","sticky":false,"template":"","format":"standard","meta":{"footnotes":""},"categories":[33,1143,1151],"tags":[],"class_list":["post-2999231","post","type-post","status-publish","format-standard","has-post-thumbnail","hentry","category-futbol-americano","category-nfl","category-portada"],"_links":{"self":[{"href":"https:\/\/agpnoticias.com\/news\/wp-json\/wp\/v2\/posts\/2999231","targetHints":{"allow":["GET"]}}],"collection":[{"href":"https:\/\/agpnoticias.com\/news\/wp-json\/wp\/v2\/posts"}],"about":[{"href":"https:\/\/agpnoticias.com\/news\/wp-json\/wp\/v2\/types\/post"}],"author":[{"embeddable":true,"href":"https:\/\/agpnoticias.com\/news\/wp-json\/wp\/v2\/users\/1"}],"replies":[{"embeddable":true,"href":"https:\/\/agpnoticias.com\/news\/wp-json\/wp\/v2\/comments?post=2999231"}],"version-history":[{"count":1,"href":"https:\/\/agpnoticias.com\/news\/wp-json\/wp\/v2\/posts\/2999231\/revisions"}],"predecessor-version":[{"id":2999233,"href":"https:\/\/agpnoticias.com\/news\/wp-json\/wp\/v2\/posts\/2999231\/revisions\/2999233"}],"wp:featuredmedia":[{"embeddable":true,"href":"https:\/\/agpnoticias.com\/news\/wp-json\/wp\/v2\/media\/2999232"}],"wp:attachment":[{"href":"https:\/\/agpnoticias.com\/news\/wp-json\/wp\/v2\/media?parent=2999231"}],"wp:term":[{"taxonomy":"category","embeddable":true,"href":"https:\/\/agpnoticias.com\/news\/wp-json\/wp\/v2\/categories?post=2999231"},{"taxonomy":"post_tag","embeddable":true,"href":"https:\/\/agpnoticias.com\/news\/wp-json\/wp\/v2\/tags?post=2999231"}],"curies":[{"name":"wp","href":"https:\/\/api.w.org\/{rel}","templated":true}]}}