{"id":2999259,"date":"2026-09-04T10:33:39","date_gmt":"2026-09-04T17:33:39","guid":{"rendered":"https:\/\/agpnoticias.com\/news\/?p=2999259"},"modified":"2026-09-04T10:33:46","modified_gmt":"2026-09-04T17:33:46","slug":"cetys-incorpora-psicologia-deportiva-a-la-formacion-de-sus-atletas","status":"publish","type":"post","link":"https:\/\/agpnoticias.com\/news\/cetys-incorpora-psicologia-deportiva-a-la-formacion-de-sus-atletas\/","title":{"rendered":"CETYS incorpora psicolog\u00eda deportiva a la formaci\u00f3n de sus atletas"},"content":{"rendered":"\n<p class=\"wp-block-paragraph\">Ensenada, Baja California.- CETYS Universidad Campus Internacional Ensenada incorpor\u00f3 a la psic\u00f3loga deportiva Viridiana Villavicencio para trabajar con estudiantes-atletas y entrenadores en \u00e1reas como manejo de la presi\u00f3n, liderazgo, comunicaci\u00f3n, confianza y cohesi\u00f3n de equipo.<\/p>\n\n\n\n<p class=\"wp-block-paragraph\">El programa se desarrollar\u00e1 en distintas etapas. La primera estar\u00e1 enfocada en coaching deportivo, liderazgo y cultura deportiva, adem\u00e1s de identificar las necesidades espec\u00edficas de cada equipo para dise\u00f1ar estrategias desde la psicolog\u00eda del deporte.<\/p>\n\n\n\n<figure class=\"wp-block-image alignleft size-full\"><img fetchpriority=\"high\" decoding=\"async\" width=\"480\" height=\"482\" src=\"https:\/\/agpnoticias.com\/news\/wp-content\/uploads\/2026\/09\/Psic.-Viridiana-Villavicencio.jpg\" alt=\"\" class=\"wp-image-2999260\" srcset=\"https:\/\/agpnoticias.com\/news\/wp-content\/uploads\/2026\/09\/Psic.-Viridiana-Villavicencio.jpg 480w, https:\/\/agpnoticias.com\/news\/wp-content\/uploads\/2026\/09\/Psic.-Viridiana-Villavicencio-300x300.jpg 300w\" sizes=\"(max-width: 480px) 100vw, 480px\" \/><\/figure>\n\n\n\n<p class=\"wp-block-paragraph\">Villavicencio cuenta con estudios de posgrado en Psicolog\u00eda del Deporte y Educaci\u00f3n, as\u00ed como preparaci\u00f3n en coaching deportivo, salud mental, salvaguardia en el deporte y gesti\u00f3n de organizaciones deportivas.<\/p>\n\n\n\n<p class=\"wp-block-paragraph\">Tambi\u00e9n tiene experiencia como entrenadora e integrante del cuerpo t\u00e9cnico de selecciones nacionales juveniles y universitarias. Durante 12 a\u00f1os trabaj\u00f3 en el Tecnol\u00f3gico de Monterrey en labores de coaching, mentor\u00eda, liderazgo, formaci\u00f3n estudiantil y direcci\u00f3n deportiva.<\/p>\n\n\n\n<p class=\"wp-block-paragraph\">\u201cSe trata de acompa\u00f1ar a los estudiantes-atletas y entrenadores en aspectos como comunicaci\u00f3n, cohesi\u00f3n, liderazgo y sentido de pertenencia\u201d, explic\u00f3.<\/p>\n\n\n\n<p class=\"wp-block-paragraph\">La especialista se\u00f1al\u00f3 que la formaci\u00f3n personal y la competencia deportiva pueden desarrollarse de manera conjunta.<\/p>\n\n\n\n<p class=\"wp-block-paragraph\">\u201cPodemos aspirar a ganar, buscar la excelencia y competir al m\u00e1ximo nivel, mientras desarrollamos personas con valores, car\u00e1cter y recursos que permanecer\u00e1n mucho despu\u00e9s de que termine su etapa deportiva\u201d, afirm\u00f3.<\/p>\n\n\n\n<p class=\"wp-block-paragraph\">El programa buscar\u00e1 que los atletas aprendan a manejar los nervios, responder ante los errores, fortalecer la confianza, mejorar la comunicaci\u00f3n y tomar decisiones bajo presi\u00f3n.<\/p>\n\n\n\n<p class=\"wp-block-paragraph\">\u201cNo buscamos atletas que nunca sientan nervios; buscamos atletas que sepan qu\u00e9 hacer con ellos\u201d, puntualiz\u00f3.<\/p>\n\n\n\n<p class=\"wp-block-paragraph\">Otro de los objetivos ser\u00e1 reforzar el sentido de pertenencia entre las diferentes disciplinas deportivas, respetando la identidad de cada equipo y vincul\u00e1ndola con la representaci\u00f3n de Zorros CETYS Campus Internacional Ensenada.<\/p>\n\n\n\n<p class=\"wp-block-paragraph\">El trabajo tambi\u00e9n incluir\u00e1 a entrenadores, compa\u00f1eros y familias como parte del entorno de formaci\u00f3n de los estudiantes-atletas.<\/p>\n","protected":false},"excerpt":{"rendered":"<p>Ensenada, Baja California.- CETYS Universidad Campus Internacional Ensenada incorpor\u00f3 a la psic\u00f3loga deportiva Viridiana Villavicencio&#8230;<\/p>\n","protected":false},"author":1,"featured_media":2999261,"comment_status":"closed","ping_status":"closed","sticky":false,"template":"","format":"standard","meta":{"footnotes":""},"categories":[1,879,1146],"tags":[],"class_list":["post-2999259","post","type-post","status-publish","format-standard","has-post-thumbnail","hentry","category-uncategorized","category-cetys-universidad","category-ensenada"],"_links":{"self":[{"href":"https:\/\/agpnoticias.com\/news\/wp-json\/wp\/v2\/posts\/2999259","targetHints":{"allow":["GET"]}}],"collection":[{"href":"https:\/\/agpnoticias.com\/news\/wp-json\/wp\/v2\/posts"}],"about":[{"href":"https:\/\/agpnoticias.com\/news\/wp-json\/wp\/v2\/types\/post"}],"author":[{"embeddable":true,"href":"https:\/\/agpnoticias.com\/news\/wp-json\/wp\/v2\/users\/1"}],"replies":[{"embeddable":true,"href":"https:\/\/agpnoticias.com\/news\/wp-json\/wp\/v2\/comments?post=2999259"}],"version-history":[{"count":1,"href":"https:\/\/agpnoticias.com\/news\/wp-json\/wp\/v2\/posts\/2999259\/revisions"}],"predecessor-version":[{"id":2999262,"href":"https:\/\/agpnoticias.com\/news\/wp-json\/wp\/v2\/posts\/2999259\/revisions\/2999262"}],"wp:featuredmedia":[{"embeddable":true,"href":"https:\/\/agpnoticias.com\/news\/wp-json\/wp\/v2\/media\/2999261"}],"wp:attachment":[{"href":"https:\/\/agpnoticias.com\/news\/wp-json\/wp\/v2\/media?parent=2999259"}],"wp:term":[{"taxonomy":"category","embeddable":true,"href":"https:\/\/agpnoticias.com\/news\/wp-json\/wp\/v2\/categories?post=2999259"},{"taxonomy":"post_tag","embeddable":true,"href":"https:\/\/agpnoticias.com\/news\/wp-json\/wp\/v2\/tags?post=2999259"}],"curies":[{"name":"wp","href":"https:\/\/api.w.org\/{rel}","templated":true}]}}