{"id":2999343,"date":"2026-09-06T12:00:15","date_gmt":"2026-09-06T19:00:15","guid":{"rendered":"https:\/\/agpnoticias.com\/news\/?p=2999343"},"modified":"2026-09-06T12:00:21","modified_gmt":"2026-09-06T19:00:21","slug":"juan-manuel-arellano-ingresa-al-salon-de-la-fama-de-la-pena-beisbolera","status":"publish","type":"post","link":"https:\/\/agpnoticias.com\/news\/juan-manuel-arellano-ingresa-al-salon-de-la-fama-de-la-pena-beisbolera\/","title":{"rendered":"Juan Manuel Arellano ingresa al Sal\u00f3n de la Fama de la Pe\u00f1a Beisbolera"},"content":{"rendered":"\n<p class=\"wp-block-paragraph\">Ensenada, Baja California.- Juan Manuel Arellano, presidente de Marineros de Ensenada, fue entronizado como el miembro n\u00famero 48 del Sal\u00f3n de la Fama virtual de la Pe\u00f1a Beisbolera de Ensenada.<\/p>\n\n\n\n<p class=\"wp-block-paragraph\">El reconocimiento fue entregado durante un desayuno al que asistieron familiares, amigos y personas relacionadas con el beisbol local.<\/p>\n\n\n\n<figure class=\"wp-block-image size-large\"><img fetchpriority=\"high\" decoding=\"async\" width=\"810\" height=\"800\" src=\"https:\/\/agpnoticias.com\/news\/wp-content\/uploads\/2026\/09\/IMG_1464-810x800.jpeg\" alt=\"\" class=\"wp-image-2999345\"\/><\/figure>\n\n\n\n<p class=\"wp-block-paragraph\">Arellano agradeci\u00f3 la distinci\u00f3n y se\u00f1al\u00f3 que el encuentro le permiti\u00f3 reencontrarse con amistades a las que no ve\u00eda desde hac\u00eda varios a\u00f1os.<\/p>\n\n\n\n<p class=\"wp-block-paragraph\">\u201cMe siento muy contento porque son muchos conocidos y amigos de tantos a\u00f1os que, por una cosa u otra, dejamos de frecuentar. Para mi familia este reconocimiento es muy significativo\u201d, expres\u00f3.<\/p>\n\n\n\n<p class=\"wp-block-paragraph\">H\u00e9ctor Barrios, integrante de la Pe\u00f1a Beisbolera, explic\u00f3 que la agrupaci\u00f3n fue creada por recomendaci\u00f3n del Sal\u00f3n de la Fama del Beisbol Mexicano, con sede en Monterrey, Nuevo Le\u00f3n. La organizaci\u00f3n se constituy\u00f3 sin fines de lucro, pol\u00edticos o religiosos y con autonom\u00eda en sus decisiones.<\/p>\n\n\n\n<figure class=\"wp-block-image size-large\"><img decoding=\"async\" width=\"675\" height=\"810\" src=\"https:\/\/agpnoticias.com\/news\/wp-content\/uploads\/2026\/09\/IMG_8805-675x810.jpeg\" alt=\"\" class=\"wp-image-2999346\"\/><\/figure>\n\n\n\n<p class=\"wp-block-paragraph\">A\u00f1adi\u00f3 que, mientras la Pe\u00f1a Beisbolera trabaja en el proyecto de contar con un edificio propio, los perfiles de sus entronizados pueden consultarse mediante su Sal\u00f3n de la Fama virtual.<\/p>\n\n\n\n<p class=\"wp-block-paragraph\">Durante la ceremonia, Gabriela Ledezma, esposa de Arellano, record\u00f3 que el homenajeado ha dedicado m\u00e1s de cuatro d\u00e9cadas al beisbol y habl\u00f3 sobre el esfuerzo familiar que ha acompa\u00f1ado su trayectoria.<\/p>\n\n\n\n<p class=\"wp-block-paragraph\">\u201cDetr\u00e1s de cada logro tambi\u00e9n hubo ausencias, preocupaciones y decisiones dif\u00edciles, pero Juan Manuel siempre tuvo la capacidad de seguir adelante por amor al beisbol\u201d, se\u00f1al\u00f3.<\/p>\n\n\n\n<p class=\"wp-block-paragraph\">Ledezma destac\u00f3 que la afici\u00f3n de Arellano por este deporte tambi\u00e9n fue transmitida a sus hijos y nietos.<\/p>\n\n\n\n<p class=\"wp-block-paragraph\">\u201cHoy no solamente celebramos lo que has hecho por el beisbol; celebramos la huella que has dejado en la vida de quienes hemos caminado contigo\u201d, concluy\u00f3.<\/p>\n\n\n\n<p class=\"wp-block-paragraph\"><\/p>\n","protected":false},"excerpt":{"rendered":"<p>Ensenada, Baja California.- Juan Manuel Arellano, presidente de Marineros de Ensenada, fue entronizado como el&#8230;<\/p>\n","protected":false},"author":1,"featured_media":2999344,"comment_status":"closed","ping_status":"closed","sticky":false,"template":"","format":"standard","meta":{"footnotes":""},"categories":[30,1151],"tags":[],"class_list":["post-2999343","post","type-post","status-publish","format-standard","has-post-thumbnail","hentry","category-beisbol","category-portada"],"_links":{"self":[{"href":"https:\/\/agpnoticias.com\/news\/wp-json\/wp\/v2\/posts\/2999343","targetHints":{"allow":["GET"]}}],"collection":[{"href":"https:\/\/agpnoticias.com\/news\/wp-json\/wp\/v2\/posts"}],"about":[{"href":"https:\/\/agpnoticias.com\/news\/wp-json\/wp\/v2\/types\/post"}],"author":[{"embeddable":true,"href":"https:\/\/agpnoticias.com\/news\/wp-json\/wp\/v2\/users\/1"}],"replies":[{"embeddable":true,"href":"https:\/\/agpnoticias.com\/news\/wp-json\/wp\/v2\/comments?post=2999343"}],"version-history":[{"count":1,"href":"https:\/\/agpnoticias.com\/news\/wp-json\/wp\/v2\/posts\/2999343\/revisions"}],"predecessor-version":[{"id":2999347,"href":"https:\/\/agpnoticias.com\/news\/wp-json\/wp\/v2\/posts\/2999343\/revisions\/2999347"}],"wp:featuredmedia":[{"embeddable":true,"href":"https:\/\/agpnoticias.com\/news\/wp-json\/wp\/v2\/media\/2999344"}],"wp:attachment":[{"href":"https:\/\/agpnoticias.com\/news\/wp-json\/wp\/v2\/media?parent=2999343"}],"wp:term":[{"taxonomy":"category","embeddable":true,"href":"https:\/\/agpnoticias.com\/news\/wp-json\/wp\/v2\/categories?post=2999343"},{"taxonomy":"post_tag","embeddable":true,"href":"https:\/\/agpnoticias.com\/news\/wp-json\/wp\/v2\/tags?post=2999343"}],"curies":[{"name":"wp","href":"https:\/\/api.w.org\/{rel}","templated":true}]}}