{"id":32257,"date":"2013-09-13T17:53:36","date_gmt":"2013-09-14T00:53:36","guid":{"rendered":"http:\/\/agpnoticias.com\/news\/?p=32257"},"modified":"2016-12-28T21:20:57","modified_gmt":"2016-12-29T05:20:57","slug":"eder-frayre-por-su-consolidacion-en-el-mundial-de-italia","status":"publish","type":"post","link":"https:\/\/agpnoticias.com\/news\/eder-frayre-por-su-consolidacion-en-el-mundial-de-italia\/","title":{"rendered":"Eder Frayre por su consolidaci\u00f3n en el Mundial de Italia"},"content":{"rendered":"<figure id=\"attachment_32258\" aria-describedby=\"caption-attachment-32258\" style=\"width: 640px\" class=\"wp-caption aligncenter\"><img fetchpriority=\"high\" decoding=\"async\" class=\"size-large wp-image-32258\" alt=\"Eder Frayre, listo para su segunda experiencia mundialista\" src=\"http:\/\/agpnoticias.com\/news\/wp-content\/uploads\/2013\/09\/Eder-Frayre-listo-para-su-segunda-experiencia-mundialista-640x480.jpg\" width=\"640\" height=\"480\" srcset=\"https:\/\/agpnoticias.com\/news\/wp-content\/uploads\/2013\/09\/Eder-Frayre-listo-para-su-segunda-experiencia-mundialista-640x480.jpg 640w, https:\/\/agpnoticias.com\/news\/wp-content\/uploads\/2013\/09\/Eder-Frayre-listo-para-su-segunda-experiencia-mundialista-320x240.jpg 320w\" sizes=\"(max-width: 640px) 100vw, 640px\" \/><figcaption id=\"caption-attachment-32258\" class=\"wp-caption-text\">Eder Frayre, listo para su segunda experiencia mundialista<\/figcaption><\/figure>\n<p>Ensenada, Baja California.- En 2010 apenas ten\u00eda 18 a\u00f1os y qued\u00f3 en el trig\u00e9simo puesto.<\/p>\n<p>Pag\u00f3 lo que algunos llaman \u201cderecho de piso\u201d.<\/p>\n<p>Aun as\u00ed, Eder Frayre Moctezuma fue incluido entonces en una lista de los ciclistas con mayor futuro al t\u00e9rmino del Campeonato del Mundo Sub 23 de Ruta, disputado en Melbourne, Australia.<\/p>\n<p>A tres a\u00f1os de distancia, ya con 21 de edad, el ensenadense, integrante de una dinast\u00eda de ciclistas del puerto, tiene otras aspiraciones para la justa que tendr\u00e1 como sede Toscana, Italia, a partir del 27 de septiembre.<\/p>\n<p>\u201cQuiero estar entre los diez primeros\u201d, sostuvo sobre su pr\u00f3xima participaci\u00f3n en la distancia de los 160 kil\u00f3metros.<\/p>\n<p>La madurez obtenida en los a\u00f1os posteriores a su primer mundial, hacen confiar al hermano de los tambi\u00e9n ciclistas Eder y Ang\u00e9lica Frayre en que mejorar\u00e1 su actuaci\u00f3n y podr\u00e1 agregarse a la cumbre del ciclismo de ruta mundial.<\/p>\n<p>\u201cEstuve dos a\u00f1os en Valencia, Espa\u00f1a, como parte del equipo Caf\u00e9 Max, al que represent\u00e9 en Portugal y Francia\u201d, adem\u00e1s de haber formado parte del equipo estadounidense Herbalife en 2010.<\/p>\n<figure id=\"attachment_32265\" aria-describedby=\"caption-attachment-32265\" style=\"width: 453px\" class=\"wp-caption alignright\"><img decoding=\"async\" class=\"size-full wp-image-32265\" alt=\"El ciclista ensenadense participar\u00e1 en su segundo mundial\" src=\"http:\/\/agpnoticias.com\/news\/wp-content\/uploads\/2013\/09\/El-ciclista-ensenadense-participar\u00e1-en-su-segundo-mundial2.jpg\" width=\"453\" height=\"800\" srcset=\"https:\/\/agpnoticias.com\/news\/wp-content\/uploads\/2013\/09\/El-ciclista-ensenadense-participar\u00e1-en-su-segundo-mundial2.jpg 453w, https:\/\/agpnoticias.com\/news\/wp-content\/uploads\/2013\/09\/El-ciclista-ensenadense-participar\u00e1-en-su-segundo-mundial2-113x200.jpg 113w\" sizes=\"(max-width: 453px) 100vw, 453px\" \/><figcaption id=\"caption-attachment-32265\" class=\"wp-caption-text\">El ciclista ensenadense participar\u00e1 en su segundo mundial<\/figcaption><\/figure>\n<p>Su antecedente inmediato es el triunfo en el Campeonato Nacional de Ciclismo de Ruta de Guadalajara, Jalisco, donde punte\u00f3 en los 130 kil\u00f3metros con tiempo de tres horas y cinco minutos.<\/p>\n<p>\u201cGracias a los puntos registrados con ese logro en el ranking mundial pude clasificar\u201d, apunt\u00f3.<\/p>\n<p>Mario, su hermano mayor, consider\u00f3 que \u201cEder est\u00e1 en su mejor momento\u201d y aspira a figurar en el mundial.<\/p>\n<p>Juntos entrenan alrededor de tres horas diarias para ajustar los detalles t\u00e9cnicos a trav\u00e9s de los cuales esperan contrarrestar el poder\u00edo de los ciclistas europeos y norteamericanos, calificados como potencias mundiales.<\/p>\n<p>\u201cLos italianos son muy fuertes y ser\u00e1n sede\u201d, mientras que \u201clos espa\u00f1oles, franceses y belgas\u201d, junto a los Estados Unidos, completan la lista de favoritos.<\/p>\n<p>Eder Frayre agradeci\u00f3 el apoyo brindado por sus padres Mario y Xochitl, y sus hermanos Mario y Ang\u00e9lica, as\u00ed como el respaldo de patrocinadores y t\u00e9cnicos que han seguido su trayectoria.<\/p>\n<p>\u201cPor mi hermano mayor, Mario, estoy en el ciclismo, lo miraba y quise seguirlo\u201d, dijo.<\/p>\n<p>En el corto plazo \u201cquiero tener una buena actuaci\u00f3n en el mundial\u201d, y a futuro \u201cespero llegar a lo m\u00e1s alto del ciclismo, que es el pro tour para hacer las carreras m\u00e1s importantes del mundo\u201d.<\/p>\n<p>En los \u00faltimos meses, el entrenador norteamericano Sean Brooks, de San Diego, California, \u201cme dijo que despu\u00e9s de mis registros m\u00e1s recientes ya estoy al nivel de los profesionales de ruta\u201d.<\/p>\n<p>\u201cTodav\u00eda me falta, la edad fuerte de un ciclista es entre los 25 o 26 a\u00f1os, y la edad m\u00e1xima es entre los 28 y los 32, as\u00ed que me quedan varios a\u00f1os\u201d, agreg\u00f3.<\/p>\n<p>Desde la incorporaci\u00f3n al equipo espa\u00f1ol Caf\u00e9 Max \u201ctuve que dejar la carrera de ingenier\u00eda en la UABC, pero perd\u00ed lo que llevaba y ahora quiero estudiar la carrera de nutrici\u00f3n en alguna escuela particular que pueda ofrecerme una beca\u201d.<\/p>\n<p>Por el momento, \u201cestoy con el equipo Calimax y compito todo el a\u00f1o en eventos estatales y nacionales como la Vuelta a Mazatl\u00e1n y algunos en Estados Unidos\u201d.<\/p>\n<p>El equipo mexicano, explic\u00f3, asistir\u00e1 a Italia con cuatro elementos varoniles y cuatro femeniles que han ganado sus lugares en base a competencias internacionales y logros a nivel nacional.<\/p>\n<p>\u201cSe consigui\u00f3 ranking y logramos meter equipo completo y eso habla bien de la Conade (Comisi\u00f3n Nacional del Deporte) y la federaci\u00f3n (mexicana de ciclismo)\u201d, opin\u00f3 mientras tomaba con cuidados a su c\u00f3mplice, una bicicleta de fibra de carbono que \u201cvale como siete mil 500 d\u00f3lares\u201d.<\/p>\n<figure id=\"attachment_32263\" aria-describedby=\"caption-attachment-32263\" style=\"width: 640px\" class=\"wp-caption alignright\"><img decoding=\"async\" class=\"size-large wp-image-32263\" alt=\"La familia Frayre, el principal apoyo de Eder\" src=\"http:\/\/agpnoticias.com\/news\/wp-content\/uploads\/2013\/09\/La-familia-Frayre-el-principal-apoyo-de-Eder-640x480.jpg\" width=\"640\" height=\"480\" srcset=\"https:\/\/agpnoticias.com\/news\/wp-content\/uploads\/2013\/09\/La-familia-Frayre-el-principal-apoyo-de-Eder-640x480.jpg 640w, https:\/\/agpnoticias.com\/news\/wp-content\/uploads\/2013\/09\/La-familia-Frayre-el-principal-apoyo-de-Eder-320x240.jpg 320w\" sizes=\"(max-width: 640px) 100vw, 640px\" \/><figcaption id=\"caption-attachment-32263\" class=\"wp-caption-text\">La familia Frayre, el principal apoyo de Eder<\/figcaption><\/figure>\n","protected":false},"excerpt":{"rendered":"<p>Ensenada, Baja California.- En 2010 apenas ten\u00eda 18 a\u00f1os y qued\u00f3 en el trig\u00e9simo puesto&#8230;.<\/p>\n","protected":false},"author":1,"featured_media":32258,"comment_status":"open","ping_status":"closed","sticky":false,"template":"","format":"standard","meta":{"footnotes":""},"categories":[692,7],"tags":[],"class_list":["post-32257","post","type-post","status-publish","format-standard","has-post-thumbnail","hentry","category-ciclismo","category-deportes"],"_links":{"self":[{"href":"https:\/\/agpnoticias.com\/news\/wp-json\/wp\/v2\/posts\/32257","targetHints":{"allow":["GET"]}}],"collection":[{"href":"https:\/\/agpnoticias.com\/news\/wp-json\/wp\/v2\/posts"}],"about":[{"href":"https:\/\/agpnoticias.com\/news\/wp-json\/wp\/v2\/types\/post"}],"author":[{"embeddable":true,"href":"https:\/\/agpnoticias.com\/news\/wp-json\/wp\/v2\/users\/1"}],"replies":[{"embeddable":true,"href":"https:\/\/agpnoticias.com\/news\/wp-json\/wp\/v2\/comments?post=32257"}],"version-history":[{"count":6,"href":"https:\/\/agpnoticias.com\/news\/wp-json\/wp\/v2\/posts\/32257\/revisions"}],"predecessor-version":[{"id":32268,"href":"https:\/\/agpnoticias.com\/news\/wp-json\/wp\/v2\/posts\/32257\/revisions\/32268"}],"wp:featuredmedia":[{"embeddable":true,"href":"https:\/\/agpnoticias.com\/news\/wp-json\/wp\/v2\/media\/32258"}],"wp:attachment":[{"href":"https:\/\/agpnoticias.com\/news\/wp-json\/wp\/v2\/media?parent=32257"}],"wp:term":[{"taxonomy":"category","embeddable":true,"href":"https:\/\/agpnoticias.com\/news\/wp-json\/wp\/v2\/categories?post=32257"},{"taxonomy":"post_tag","embeddable":true,"href":"https:\/\/agpnoticias.com\/news\/wp-json\/wp\/v2\/tags?post=32257"}],"curies":[{"name":"wp","href":"https:\/\/api.w.org\/{rel}","templated":true}]}}