{"id":36732,"date":"2014-01-02T16:24:37","date_gmt":"2014-01-03T00:24:37","guid":{"rendered":"http:\/\/agpnoticias.com\/news\/?p=36732"},"modified":"2014-01-14T20:48:46","modified_gmt":"2014-01-15T04:48:46","slug":"figuras-hace-seis-meses-ausentes-en-el-inicio-del-clausura-2014","status":"publish","type":"post","link":"https:\/\/agpnoticias.com\/news\/figuras-hace-seis-meses-ausentes-en-el-inicio-del-clausura-2014\/","title":{"rendered":"Figuras hace seis meses, ausentes en el inicio del Clausura 2014"},"content":{"rendered":"<figure id=\"attachment_36733\" aria-describedby=\"caption-attachment-36733\" style=\"width: 640px\" class=\"wp-caption aligncenter\"><a href=\"http:\/\/agpnoticias.com\/news\/?attachment_id=36733\" rel=\"attachment wp-att-36733\"><img fetchpriority=\"high\" decoding=\"async\" class=\"size-full wp-image-36733\" alt=\"Dar\u00edo Benedetto no podr\u00e1 repetir su sobresaliente actuaci\u00f3n frente a Atlas durante el inicio del torneo pasado\" src=\"http:\/\/agpnoticias.com\/news\/wp-content\/uploads\/2014\/01\/Dar\u00edo-Benedetto-no-podr\u00e1-repetir-su-sobresaliente-actuaci\u00f3n-frente-a-Atlas-durante-el-inicio-del-torneo-pasado.jpg\" width=\"640\" height=\"480\" srcset=\"https:\/\/agpnoticias.com\/news\/wp-content\/uploads\/2014\/01\/Dar\u00edo-Benedetto-no-podr\u00e1-repetir-su-sobresaliente-actuaci\u00f3n-frente-a-Atlas-durante-el-inicio-del-torneo-pasado.jpg 640w, https:\/\/agpnoticias.com\/news\/wp-content\/uploads\/2014\/01\/Dar\u00edo-Benedetto-no-podr\u00e1-repetir-su-sobresaliente-actuaci\u00f3n-frente-a-Atlas-durante-el-inicio-del-torneo-pasado-200x150.jpg 200w, https:\/\/agpnoticias.com\/news\/wp-content\/uploads\/2014\/01\/Dar\u00edo-Benedetto-no-podr\u00e1-repetir-su-sobresaliente-actuaci\u00f3n-frente-a-Atlas-durante-el-inicio-del-torneo-pasado-320x240.jpg 320w, https:\/\/agpnoticias.com\/news\/wp-content\/uploads\/2014\/01\/Dar\u00edo-Benedetto-no-podr\u00e1-repetir-su-sobresaliente-actuaci\u00f3n-frente-a-Atlas-durante-el-inicio-del-torneo-pasado-600x450.jpg 600w\" sizes=\"(max-width: 640px) 100vw, 640px\" \/><\/a><figcaption id=\"caption-attachment-36733\" class=\"wp-caption-text\">Dar\u00edo Benedetto no podr\u00e1 repetir su sobresaliente actuaci\u00f3n frente a Atlas durante el inicio del torneo pasado<\/figcaption><\/figure>\n<p>Tijuana, Baja California.- Hace medio a\u00f1o, el 19 de julio de 2013, el empate a tres goles con el que Xoloitzcuintles y Atlas iniciaron el Torneo Apertura 2013 tuvo dos protagonistas: Dar\u00edo Benedetto y Mat\u00edas Vuoso.<\/p>\n<p>El primero se estren\u00f3 con el conjunto tijuanense de la manera m\u00e1s afortunada posible al marcar los tres tantos del juego disputado en el Estadio Caliente por la fecha uno.<\/p>\n<figure id=\"attachment_36734\" aria-describedby=\"caption-attachment-36734\" style=\"width: 320px\" class=\"wp-caption alignright\"><a href=\"http:\/\/agpnoticias.com\/news\/?attachment_id=36734\" rel=\"attachment wp-att-36734\"><img decoding=\"async\" class=\"size-medium wp-image-36734\" alt=\"Mat\u00edas Vuoso est\u00e1 suspendido y no jugar\u00e1 contra Xolos\" src=\"http:\/\/agpnoticias.com\/news\/wp-content\/uploads\/2014\/01\/Mat\u00edas-Vuoso-est\u00e1-suspendido-y-no-jugar\u00e1-contra-Xolos-320x240.jpg\" width=\"320\" height=\"240\" \/><\/a><figcaption id=\"caption-attachment-36734\" class=\"wp-caption-text\">Mat\u00edas Vuoso est\u00e1 suspendido y no jugar\u00e1 contra Xolos<\/figcaption><\/figure>\n<p>Pero el debut del delantero argentino no pudo ser coronado con victoria porque su compatriota, Mat\u00edas Vuoso, convirti\u00f3 dos veces y puso el pase para el tercer tanto atlista, consumado por Edson Rivera.<\/p>\n<p>Las cosas, despu\u00e9s, no fueron bien ni para Xolos ni para Zorros.<\/p>\n<p>Y los dos quedaron sin clasificaci\u00f3n a la liguilla.<\/p>\n<p>Tampoco las cosas anduvieron bien para Benedetto ni para Vuoso, expulsados durante la \u00faltima jornada del Apertura 2013; el primero contra Le\u00f3n y el segundo contra Tigres.<\/p>\n<p>Las figuras aquel primer juego no alinear\u00e1n el s\u00e1bado en el Estadio Jalisco cuando inicie el Torneo Clausura 2014.<\/p>\n","protected":false},"excerpt":{"rendered":"<p>Tijuana, Baja California.- Hace medio a\u00f1o, el 19 de julio de 2013, el empate a&#8230;<\/p>\n","protected":false},"author":1,"featured_media":36733,"comment_status":"closed","ping_status":"closed","sticky":false,"template":"","format":"standard","meta":{"footnotes":""},"categories":[7,32,17],"tags":[],"class_list":["post-36732","post","type-post","status-publish","format-standard","has-post-thumbnail","hentry","category-deportes","category-soccer","category-xolos-de-tijuana"],"_links":{"self":[{"href":"https:\/\/agpnoticias.com\/news\/wp-json\/wp\/v2\/posts\/36732","targetHints":{"allow":["GET"]}}],"collection":[{"href":"https:\/\/agpnoticias.com\/news\/wp-json\/wp\/v2\/posts"}],"about":[{"href":"https:\/\/agpnoticias.com\/news\/wp-json\/wp\/v2\/types\/post"}],"author":[{"embeddable":true,"href":"https:\/\/agpnoticias.com\/news\/wp-json\/wp\/v2\/users\/1"}],"replies":[{"embeddable":true,"href":"https:\/\/agpnoticias.com\/news\/wp-json\/wp\/v2\/comments?post=36732"}],"version-history":[{"count":1,"href":"https:\/\/agpnoticias.com\/news\/wp-json\/wp\/v2\/posts\/36732\/revisions"}],"predecessor-version":[{"id":36735,"href":"https:\/\/agpnoticias.com\/news\/wp-json\/wp\/v2\/posts\/36732\/revisions\/36735"}],"wp:featuredmedia":[{"embeddable":true,"href":"https:\/\/agpnoticias.com\/news\/wp-json\/wp\/v2\/media\/36733"}],"wp:attachment":[{"href":"https:\/\/agpnoticias.com\/news\/wp-json\/wp\/v2\/media?parent=36732"}],"wp:term":[{"taxonomy":"category","embeddable":true,"href":"https:\/\/agpnoticias.com\/news\/wp-json\/wp\/v2\/categories?post=36732"},{"taxonomy":"post_tag","embeddable":true,"href":"https:\/\/agpnoticias.com\/news\/wp-json\/wp\/v2\/tags?post=36732"}],"curies":[{"name":"wp","href":"https:\/\/api.w.org\/{rel}","templated":true}]}}